{"id":1295,"count":2,"description":"Pode ver aqui a nossa sele\u00e7\u00e3o de <strong>molduras desmont\u00e1veis<\/strong>, compat\u00edveis com a maioria das nossas <strong>telas de proje\u00e7\u00e3o<\/strong>, tanto <strong>frontais<\/strong> como de <strong>retroproje\u00e7\u00e3o<\/strong>!\n\nDependendo das suas necessidades, pode escolher uma <strong>estrutura de ecr\u00e3 modular<\/strong> e <strong>flex\u00edvel<\/strong> com um sistema de tensionamento de <strong>tipo cart\u00e3o postal<\/strong>, ou um <strong>ecr\u00e3 sobre pernas<\/strong> que pode ser montado e desmontado r\u00e1pida e facilmente, transport\u00e1vel gra\u00e7as \u00e0 sua mala de transporte.","link":"https:\/\/www.azur-scenic.com\/pt-pt\/categoria-do-produto\/produtos-tecnicos\/molduras-e-ecras-portateis\/","name":"Molduras e ecr\u00e3s port\u00e1teis","slug":"molduras-e-ecras-portateis","taxonomy":"product_cat","parent":1089,"meta":[],"menu_order":0,"acf":[],"yoast_head":"<!-- This site is optimized with the Yoast SEO plugin v27.3 - https:\/\/yoast.com\/product\/yoast-seo-wordpress\/ -->\n<title>Molduras e ecr\u00e3s port\u00e1teis - Azur Scenic<\/title>\n<meta name=\"robots\" content=\"index, follow, max-snippet:-1, max-image-preview:large, max-video-preview:-1\" \/>\n<link rel=\"canonical\" href=\"https:\/\/www.azur-scenic.com\/pt-pt\/categoria-do-produto\/produtos-tecnicos\/molduras-e-ecras-portateis\/\" \/>\n<meta property=\"og:locale\" content=\"pt_PT\" \/>\n<meta property=\"og:type\" content=\"article\" \/>\n<meta property=\"og:title\" content=\"Molduras e ecr\u00e3s port\u00e1teis - Azur Scenic\" \/>\n<meta property=\"og:description\" content=\"Pode ver aqui a nossa sele\u00e7\u00e3o de molduras desmont\u00e1veis, compat\u00edveis com a maioria das nossas telas de proje\u00e7\u00e3o, tanto frontais como de retroproje\u00e7\u00e3o! Dependendo das suas necessidades, pode escolher uma estrutura de ecr\u00e3 modular e flex\u00edvel com um sistema de tensionamento de tipo cart\u00e3o postal, ou um ecr\u00e3 sobre pernas que pode ser montado e desmontado r\u00e1pida e facilmente, transport\u00e1vel gra\u00e7as \u00e0 sua mala de transporte.\" \/>\n<meta property=\"og:url\" content=\"https:\/\/www.azur-scenic.com\/pt-pt\/categoria-do-produto\/produtos-tecnicos\/molduras-e-ecras-portateis\/\" \/>\n<meta property=\"og:site_name\" content=\"Azur Scenic\" \/>\n<meta name=\"twitter:card\" content=\"summary_large_image\" \/>\n<script type=\"application\/ld+json\" class=\"yoast-schema-graph\">{\"@context\":\"https:\\\/\\\/schema.org\",\"@graph\":[{\"@type\":\"CollectionPage\",\"@id\":\"https:\\\/\\\/www.azur-scenic.com\\\/pt-pt\\\/categoria-do-produto\\\/produtos-tecnicos\\\/molduras-e-ecras-portateis\\\/\",\"url\":\"https:\\\/\\\/www.azur-scenic.com\\\/pt-pt\\\/categoria-do-produto\\\/produtos-tecnicos\\\/molduras-e-ecras-portateis\\\/\",\"name\":\"Molduras e ecr\u00e3s port\u00e1teis - Azur Scenic\",\"isPartOf\":{\"@id\":\"https:\\\/\\\/www.azur-scenic.com\\\/pt-pt\\\/#website\"},\"breadcrumb\":{\"@id\":\"https:\\\/\\\/www.azur-scenic.com\\\/pt-pt\\\/categoria-do-produto\\\/produtos-tecnicos\\\/molduras-e-ecras-portateis\\\/#breadcrumb\"},\"inLanguage\":\"pt-PT\"},{\"@type\":\"BreadcrumbList\",\"@id\":\"https:\\\/\\\/www.azur-scenic.com\\\/pt-pt\\\/categoria-do-produto\\\/produtos-tecnicos\\\/molduras-e-ecras-portateis\\\/#breadcrumb\",\"itemListElement\":[{\"@type\":\"ListItem\",\"position\":1,\"name\":\"Accueil\",\"item\":\"https:\\\/\\\/www.azur-scenic.com\\\/pt-pt\\\/\"},{\"@type\":\"ListItem\",\"position\":2,\"name\":\"Molduras e ecr\u00e3s port\u00e1teis\"}]},{\"@type\":\"WebSite\",\"@id\":\"https:\\\/\\\/www.azur-scenic.com\\\/pt-pt\\\/#website\",\"url\":\"https:\\\/\\\/www.azur-scenic.com\\\/pt-pt\\\/\",\"name\":\"Azur Scenic\",\"description\":\"Sp\u00e9cialiste de l\u2019\u00e9quipement sc\u00e9nique et de la d\u00e9coration int\u00e9rieure et \u00e9v\u00e9nementielle !\",\"publisher\":{\"@id\":\"https:\\\/\\\/www.azur-scenic.com\\\/pt-pt\\\/#organization\"},\"potentialAction\":[{\"@type\":\"SearchAction\",\"target\":{\"@type\":\"EntryPoint\",\"urlTemplate\":\"https:\\\/\\\/www.azur-scenic.com\\\/pt-pt\\\/?s={search_term_string}\"},\"query-input\":{\"@type\":\"PropertyValueSpecification\",\"valueRequired\":true,\"valueName\":\"search_term_string\"}}],\"inLanguage\":\"pt-PT\"},{\"@type\":\"Organization\",\"@id\":\"https:\\\/\\\/www.azur-scenic.com\\\/pt-pt\\\/#organization\",\"name\":\"AZUR SCENIC\",\"url\":\"https:\\\/\\\/www.azur-scenic.com\\\/pt-pt\\\/\",\"logo\":{\"@type\":\"ImageObject\",\"inLanguage\":\"pt-PT\",\"@id\":\"https:\\\/\\\/www.azur-scenic.com\\\/pt-pt\\\/#\\\/schema\\\/logo\\\/image\\\/\",\"url\":\"https:\\\/\\\/www.azur-scenic.com\\\/wp-content\\\/uploads\\\/2022\\\/09\\\/LOGO-AZUR-SCENIC-Fusion-web-236x64-1.jpg\",\"contentUrl\":\"https:\\\/\\\/www.azur-scenic.com\\\/wp-content\\\/uploads\\\/2022\\\/09\\\/LOGO-AZUR-SCENIC-Fusion-web-236x64-1.jpg\",\"width\":236,\"height\":64,\"caption\":\"AZUR SCENIC\"},\"image\":{\"@id\":\"https:\\\/\\\/www.azur-scenic.com\\\/pt-pt\\\/#\\\/schema\\\/logo\\\/image\\\/\"},\"sameAs\":[\"https:\\\/\\\/www.youtube.com\\\/channel\\\/UCPWM2mGPVUt4nYhNlm71WOA\",\"https:\\\/\\\/www.linkedin.com\\\/company\\\/33237605\\\/admin\\\/feed\\\/posts\\\/\"]}]}<\/script>\n<!-- \/ Yoast SEO plugin. -->","yoast_head_json":{"title":"Molduras e ecr\u00e3s port\u00e1teis - Azur Scenic","robots":{"index":"index","follow":"follow","max-snippet":"max-snippet:-1","max-image-preview":"max-image-preview:large","max-video-preview":"max-video-preview:-1"},"canonical":"https:\/\/www.azur-scenic.com\/pt-pt\/categoria-do-produto\/produtos-tecnicos\/molduras-e-ecras-portateis\/","og_locale":"pt_PT","og_type":"article","og_title":"Molduras e ecr\u00e3s port\u00e1teis - Azur Scenic","og_description":"Pode ver aqui a nossa sele\u00e7\u00e3o de molduras desmont\u00e1veis, compat\u00edveis com a maioria das nossas telas de proje\u00e7\u00e3o, tanto frontais como de retroproje\u00e7\u00e3o! Dependendo das suas necessidades, pode escolher uma estrutura de ecr\u00e3 modular e flex\u00edvel com um sistema de tensionamento de tipo cart\u00e3o postal, ou um ecr\u00e3 sobre pernas que pode ser montado e desmontado r\u00e1pida e facilmente, transport\u00e1vel gra\u00e7as \u00e0 sua mala de transporte.","og_url":"https:\/\/www.azur-scenic.com\/pt-pt\/categoria-do-produto\/produtos-tecnicos\/molduras-e-ecras-portateis\/","og_site_name":"Azur Scenic","twitter_card":"summary_large_image","schema":{"@context":"https:\/\/schema.org","@graph":[{"@type":"CollectionPage","@id":"https:\/\/www.azur-scenic.com\/pt-pt\/categoria-do-produto\/produtos-tecnicos\/molduras-e-ecras-portateis\/","url":"https:\/\/www.azur-scenic.com\/pt-pt\/categoria-do-produto\/produtos-tecnicos\/molduras-e-ecras-portateis\/","name":"Molduras e ecr\u00e3s port\u00e1teis - Azur Scenic","isPartOf":{"@id":"https:\/\/www.azur-scenic.com\/pt-pt\/#website"},"breadcrumb":{"@id":"https:\/\/www.azur-scenic.com\/pt-pt\/categoria-do-produto\/produtos-tecnicos\/molduras-e-ecras-portateis\/#breadcrumb"},"inLanguage":"pt-PT"},{"@type":"BreadcrumbList","@id":"https:\/\/www.azur-scenic.com\/pt-pt\/categoria-do-produto\/produtos-tecnicos\/molduras-e-ecras-portateis\/#breadcrumb","itemListElement":[{"@type":"ListItem","position":1,"name":"Accueil","item":"https:\/\/www.azur-scenic.com\/pt-pt\/"},{"@type":"ListItem","position":2,"name":"Molduras e ecr\u00e3s port\u00e1teis"}]},{"@type":"WebSite","@id":"https:\/\/www.azur-scenic.com\/pt-pt\/#website","url":"https:\/\/www.azur-scenic.com\/pt-pt\/","name":"Azur Scenic","description":"Sp\u00e9cialiste de l\u2019\u00e9quipement sc\u00e9nique et de la d\u00e9coration int\u00e9rieure et \u00e9v\u00e9nementielle !","publisher":{"@id":"https:\/\/www.azur-scenic.com\/pt-pt\/#organization"},"potentialAction":[{"@type":"SearchAction","target":{"@type":"EntryPoint","urlTemplate":"https:\/\/www.azur-scenic.com\/pt-pt\/?s={search_term_string}"},"query-input":{"@type":"PropertyValueSpecification","valueRequired":true,"valueName":"search_term_string"}}],"inLanguage":"pt-PT"},{"@type":"Organization","@id":"https:\/\/www.azur-scenic.com\/pt-pt\/#organization","name":"AZUR SCENIC","url":"https:\/\/www.azur-scenic.com\/pt-pt\/","logo":{"@type":"ImageObject","inLanguage":"pt-PT","@id":"https:\/\/www.azur-scenic.com\/pt-pt\/#\/schema\/logo\/image\/","url":"https:\/\/www.azur-scenic.com\/wp-content\/uploads\/2022\/09\/LOGO-AZUR-SCENIC-Fusion-web-236x64-1.jpg","contentUrl":"https:\/\/www.azur-scenic.com\/wp-content\/uploads\/2022\/09\/LOGO-AZUR-SCENIC-Fusion-web-236x64-1.jpg","width":236,"height":64,"caption":"AZUR SCENIC"},"image":{"@id":"https:\/\/www.azur-scenic.com\/pt-pt\/#\/schema\/logo\/image\/"},"sameAs":["https:\/\/www.youtube.com\/channel\/UCPWM2mGPVUt4nYhNlm71WOA","https:\/\/www.linkedin.com\/company\/33237605\/admin\/feed\/posts\/"]}]}},"_links":{"self":[{"href":"https:\/\/www.azur-scenic.com\/pt-pt\/wp-json\/wp\/v2\/product_cat\/1295","targetHints":{"allow":["GET"]}}],"collection":[{"href":"https:\/\/www.azur-scenic.com\/pt-pt\/wp-json\/wp\/v2\/product_cat"}],"about":[{"href":"https:\/\/www.azur-scenic.com\/pt-pt\/wp-json\/wp\/v2\/taxonomies\/product_cat"}],"up":[{"embeddable":true,"href":"https:\/\/www.azur-scenic.com\/pt-pt\/wp-json\/wp\/v2\/product_cat\/1089"}],"wp:post_type":[{"href":"https:\/\/www.azur-scenic.com\/pt-pt\/wp-json\/wp\/v2\/product?product_cat=1295"}],"curies":[{"name":"wp","href":"https:\/\/api.w.org\/{rel}","templated":true}]}}